{"id":2663,"date":"2022-06-16T21:07:44","date_gmt":"2022-06-16T21:07:44","guid":{"rendered":"https:\/\/agendasette.com.br\/?p=2663"},"modified":"2022-06-16T23:17:37","modified_gmt":"2022-06-17T02:17:37","slug":"projetos-do-curso-de-publicidade-da-unifran-sao-bem-avaliados-pelo-mercado-de-trabalho","status":"publish","type":"post","link":"https:\/\/agendasette.com.br\/?p=2663","title":{"rendered":"Projetos do curso de publicidade da Unifran s\u00e3o bem avaliados pelo mercado de trabalho"},"content":{"rendered":"<p><em>Participa\u00e7\u00e3o no FestV\u00eddeo 2022 teve duas indica\u00e7\u00f5es no shortlist e uma delas ficou com o primeiro lugar na categoria Universit\u00e1rio<br \/>\n<\/em><!--more--><\/p>\n<p><b>Da reda\u00e7\u00e3o<\/b><\/p>\n<p><strong>Foto acima: Integrantes da Cosmic e da Saturno com o trof\u00e9u do FestV\u00eddeo na Ag\u00eancia Experimental de Comunica\u00e7\u00e3o da Unifran (Divulga\u00e7\u00e3o)<\/strong><\/p>\n<p>Duas propostas com temas, marcas e conceitos diferentes. Dois grupos de alunos come\u00e7ando a construir um portf\u00f3lio, ainda na universidade, sendo reconhecidos por seus trabalhos e participando de um dos maiores festivais de produ\u00e7\u00e3o audiovisual para publicidade do pa\u00eds: o FestV\u00eddeo. Dentro dos universos acad\u00eamico e publicit\u00e1rio, Cosmic e Saturno desenvolveram trajet\u00f3rias diferentes, mas com algo em comum: miss\u00e3o cumprida!<\/p>\n<hr>\n<h5><strong>Cosmic<\/strong><\/h5>\n<p><em>&#8220;Na mitologia, o planeta Saturno representa Chronos, o deus do tempo. Suas energias s\u00e3o de expans\u00e3o, crescimento e compreens\u00e3o.&#8221;<\/em><\/p>\n<p>\u00c9 com a frase acima que a Cosmic come\u00e7a a se apresentar em seu <a href=\"https:\/\/fc748f05-7eb5-44e3-8abe-ca02cc67b76c.filesusr.com\/ugd\/cbaca3_b21df4e12eb044e7bfb7a795a43e4010.pdf\" target=\"_blank\" rel=\"noopener\">manual de identidade<\/a>. Rumo ao desconhecido. Uma vida inteira pela frente para desvendar os mist\u00e9rios do universo da publicidade e propaganda. Sua miss\u00e3o tem objetivos claros: expandir, crescer e compreender cada vez mais o universo publicit\u00e1rio. Os primeiros exploradores &#8211; professores e profissionais do mercado &#8211; apontam os poss\u00edveis caminhos e dire\u00e7\u00f5es, mas cabe aos jovens tripulantes construir sua biografia e vencer os desafios que se apresentarem.<\/p>\n<figure id=\"attachment_2697\" aria-describedby=\"caption-attachment-2697\" style=\"width: 400px\" class=\"wp-caption alignleft\"><img loading=\"lazy\" decoding=\"async\" class=\"wp-image-2697\" src=\"http:\/\/agendasette.com.br\/wp-content\/uploads\/2022\/06\/Ouro-Cosmic2-e1655412134241.jpg\" alt=\"\" width=\"400\" height=\"507\" srcset=\"https:\/\/agendasette.com.br\/wp-content\/uploads\/2022\/06\/Ouro-Cosmic2-e1655412134241.jpg 3000w, https:\/\/agendasette.com.br\/wp-content\/uploads\/2022\/06\/Ouro-Cosmic2-e1655412134241-237x300.jpg 237w, https:\/\/agendasette.com.br\/wp-content\/uploads\/2022\/06\/Ouro-Cosmic2-e1655412134241-768x973.jpg 768w, https:\/\/agendasette.com.br\/wp-content\/uploads\/2022\/06\/Ouro-Cosmic2-e1655412134241-808x1024.jpg 808w\" sizes=\"auto, (max-width: 400px) 100vw, 400px\" \/><figcaption id=\"caption-attachment-2697\" class=\"wp-caption-text\">Em p\u00e9: Luiza Tedesco, Carol Robin e Igor Santos. Agachados: L\u00edvia Bispo e Paulo Faria &#8211; (Foto: Ag\u00eancia Cosmic)<\/figcaption><\/figure>\n<p>A primeira miss\u00e3o de explora\u00e7\u00e3o teve altos e baixos e desafios que pareciam instranspon\u00edveis. Luiza Tedesco, em entrevista para a reda\u00e7\u00e3o do Agenda Sette, lembra da correria para encontrar um formato para a pe\u00e7a audiovisual que atingisse o resultado esperado. <em>&#8220;A locu\u00e7\u00e3o foi uma decis\u00e3o de \u00faltima hora, n\u00f3s sab\u00edamos os valores que quer\u00edamos que o v\u00eddeo transmitisse, mas n\u00e3o consegu\u00edamos chegar em um formato que cumprisse com esse objetivo. Depois de v\u00e1rias discuss\u00f5es, a locu\u00e7\u00e3o casou com a edi\u00e7\u00e3o de v\u00eddeo e o resultado final supero<\/em><em>u nossas expectativas&#8221;.<\/em><\/p>\n<p>Todos n\u00f3s enfrentamos as dificuldades decorrentes do isolamento que se tornou necess\u00e1rio durante a pandemia de Covid-19. No ambiente acad\u00eamico n\u00e3o foi diferente. Produzir pe\u00e7as publicit\u00e1rias \u00e0 dist\u00e2ncia, sem a possibilidade de captar imagens em est\u00fadio, por exemplo, turbul\u00eancias que a espa\u00e7onave Cosmic teve que contornar, dificultaram o processo mas n\u00e3o os impediu de finalizar a produ\u00e7\u00e3o, conforme nos relatou a respons\u00e1vel de cria\u00e7\u00e3o da ag\u00eancia, L\u00edvia Bispo: <em>&#8220;O v\u00eddeo na verdade foi um projeto da faculdade para a mat\u00e9ria de produ\u00e7\u00e3o audiovisual. Passamos todo o semestre elaborando a ideia, criando o roteiro, storyboard e depois de quase dois anos de pandemia, tivemos a oportunidade de voltar presencialmente para a faculdade para fazermos a grava\u00e7\u00e3o da cena final&#8221;.<\/em><\/p>\n<p>A proposta da ag\u00eancia experimental, sob a orienta\u00e7\u00e3o do professor Ricardo Fadul, foi produzir um v\u00eddeo publicit\u00e1rio para o cliente Bauducco que traduzisse o que as pessoas estavam vivendo naquele momento, o in\u00edcio gradual do retorno aos encontros presenciais. A dificuldade t\u00e9cnica de produ\u00e7\u00e3o foi contornada com imagens de banco e a equipe optou pela estrat\u00e9gia do Storytelling, redigindo um texto de locu\u00e7\u00e3o que representasse as emo\u00e7\u00f5es do processo de retorno e envolvesse o p\u00fablico alvo. O resultado final ficou t\u00e3o bom que o v\u00eddeo <em>&#8220;Bauducco \/ Era uma vez um la\u00e7o&#8221;&nbsp;<\/em>foi premiado com o primeiro lugar na categoria Universit\u00e1rio do FestV\u00eddeo 2022.<\/p>\n<figure id=\"attachment_2696\" aria-describedby=\"caption-attachment-2696\" style=\"width: 200px\" class=\"wp-caption alignright\"><img loading=\"lazy\" decoding=\"async\" class=\"wp-image-2696\" src=\"http:\/\/agendasette.com.br\/wp-content\/uploads\/2022\/06\/Ricardo-fadul-e1655417403109-235x300.jpg\" alt=\"\" width=\"200\" height=\"255\" srcset=\"https:\/\/agendasette.com.br\/wp-content\/uploads\/2022\/06\/Ricardo-fadul-e1655417403109-235x300.jpg 235w, https:\/\/agendasette.com.br\/wp-content\/uploads\/2022\/06\/Ricardo-fadul-e1655417403109.jpg 410w\" sizes=\"auto, (max-width: 200px) 100vw, 200px\" \/><figcaption id=\"caption-attachment-2696\" class=\"wp-caption-text\">Prof. Ricardo Facul &#8211; (Foto: acervo pessoal)<\/figcaption><\/figure>\n<p>Para os astronautas de primeira viagem, mesmo com a classifica\u00e7\u00e3o para o shortlist do festival e a qualidade do produto, o pr\u00eamio foi uma surpresa. Carol Robin, redatora da Cosmic, reconhece a qualidade das pe\u00e7as das ag\u00eancias concorrentes, o que valoriza ainda mais esta conquista: <em>&#8220;Depois que a gente ganhou o pr\u00eamio ainda n\u00e3o caiu a ficha&#8230; a gente viu projetos e campanhas maravilhosas de ag\u00eancias aqui do interior&#8221;.<\/em><\/p>\n<p>Para o professor Ricardo Fadul, respons\u00e1vel pela disciplina de produ\u00e7\u00e3o audiovisual do curso de publicidade e propaganda da Unifran (<a href=\"https:\/\/www.unifran.edu.br\/\" target=\"_blank\" rel=\"noopener\">Universidade de Franca<\/a>), na qual o projeto foi proposto, o pr\u00eamio simboliza o reconhecimento do esfor\u00e7o dos alunos em vencer cada etapa de produ\u00e7\u00e3o, desde a matura\u00e7\u00e3o da ideia inicial, passando pela discuss\u00e3o dos objetivos da pe\u00e7a, at\u00e9 a produ\u00e7\u00e3o do roteiro, do storyboard e o nascimento de um produto audiovisual que tem qualidade t\u00e9cnica e&nbsp;<em>&#8220;&#8230;relev\u00e2ncia e uma mensagem de transforma\u00e7\u00e3o&#8221;.<\/em><\/p>\n<hr>\n<h5>&nbsp;<strong>Saturno<\/strong><\/h5>\n<p>Em outro canto do mesmo universo acad\u00eamico, mas inspirada no mesmo planeta, a ag\u00eancia experimental Saturno tamb\u00e9m desenvolveu uma pe\u00e7a publicit\u00e1ria audiovisual que foi destaque no FestV\u00eddeo 2022.<\/p>\n<p>Com o v\u00eddeo <em>&#8220;Red Bull, d\u00e1 mais asas do que voc\u00ea possa imaginar!&#8221;<\/em>, criado como proposta interdisciplinar das disciplinas Dire\u00e7\u00e3o de Arte Publicit\u00e1ria e Reda\u00e7\u00e3o Publicit\u00e1ria Aplicada,&nbsp;os integrantes da Saturno, apesar de n\u00e3o figurarem entre os tr\u00eas primeiros colocados ao final do evento, conseguiram a classifica\u00e7\u00e3o para o shortlist, o que significa o reconhecimento da qualidade do trabalho desenvolvido.<\/p>\n<figure id=\"attachment_2734\" aria-describedby=\"caption-attachment-2734\" style=\"width: 157px\" class=\"wp-caption alignright\"><img loading=\"lazy\" decoding=\"async\" class=\"wp-image-2734 size-medium\" src=\"http:\/\/agendasette.com.br\/wp-content\/uploads\/2022\/06\/WhatsApp-Image-2022-05-24-at-08.28.45-e1655403394680-157x300.jpeg\" alt=\"\" width=\"157\" height=\"300\" srcset=\"https:\/\/agendasette.com.br\/wp-content\/uploads\/2022\/06\/WhatsApp-Image-2022-05-24-at-08.28.45-e1655403394680-157x300.jpeg 157w, https:\/\/agendasette.com.br\/wp-content\/uploads\/2022\/06\/WhatsApp-Image-2022-05-24-at-08.28.45-e1655403394680.jpeg 462w\" sizes=\"auto, (max-width: 157px) 100vw, 157px\" \/><figcaption id=\"caption-attachment-2734\" class=\"wp-caption-text\">Profa. Assun\u00e7\u00e3o Laia Crist\u00f3v\u00e3o &#8211; (Foto: acervo pessoal)<\/figcaption><\/figure>\n<p>Diversos profissionais de express\u00e3o no mercado s\u00e3o respons\u00e1veis por avaliar todos os projetos enviados e, portanto, fazer parte do shortlist significa figurar entre as pe\u00e7as de maior destaque e uma oportunidade de se tornar conhecido, uma vez que as pe\u00e7as escolhidas ganham publicidade ao serem destacadas nos canais oficiais do FestV\u00eddeo. <em>&#8220;Isso fez com que fic\u00e1ssemos com muito orgulho do nosso projeto e da nossa ag\u00eancia&#8221;<\/em> afirmou Camila Piai, uma das integrantes da Saturno.<\/p>\n<p>O v\u00eddeo \u00e9 um dos primeiros trabalhos desenvolvidos pela Saturno e tamb\u00e9m foi um exerc\u00edcio de criatividade e supera\u00e7\u00e3o de desafios, pois tamb\u00e9m foi desenvolvido em meio \u00e0 pandemia. Para a profa. Assun\u00e7\u00e3o Laia Crist\u00f3v\u00e3o, que orientou o projeto em parceria com a profa. Ana M\u00e1rcia Zago, um dos m\u00e9ritos do trabalho foi vencer as dificuldades de produ\u00e7\u00e3o consequentes da necessidade de isolamento social: <em>&#8220;Est\u00e1vamos em um momento de pandemia da Covid-19, n\u00f3s precis\u00e1vamos tomar todos os cuidados e precau\u00e7\u00f5es em rela\u00e7\u00e3o ao v\u00edrus e, mesmo com todos estes cuidados, os alunos conseguiram fugir dos ambientes fechados&#8221;<\/em>. Os integrantes da Saturno tiveram que ter cuidado redobrado na escolha dos locais, datas de grava\u00e7\u00e3o e nas medidas de prote\u00e7\u00e3o.<\/p>\n<figure id=\"attachment_2743\" aria-describedby=\"caption-attachment-2743\" style=\"width: 500px\" class=\"wp-caption alignleft\"><img loading=\"lazy\" decoding=\"async\" class=\"wp-image-2743\" src=\"http:\/\/agendasette.com.br\/wp-content\/uploads\/2022\/06\/Finalista-Saturno1-300x199.jpg\" alt=\"\" width=\"500\" height=\"332\" srcset=\"https:\/\/agendasette.com.br\/wp-content\/uploads\/2022\/06\/Finalista-Saturno1-300x199.jpg 300w, https:\/\/agendasette.com.br\/wp-content\/uploads\/2022\/06\/Finalista-Saturno1-768x511.jpg 768w, https:\/\/agendasette.com.br\/wp-content\/uploads\/2022\/06\/Finalista-Saturno1-1024x681.jpg 1024w\" sizes=\"auto, (max-width: 500px) 100vw, 500px\" \/><figcaption id=\"caption-attachment-2743\" class=\"wp-caption-text\">Da esquerda para a direita: Maria Eduarda de Paula, Camila Piai, Jo\u00e3o Pedro Andrigo, Leonardo Bovo e Marcela \u00c1vila &#8211; (Foto: Ag\u00eancia Saturno)<\/figcaption><\/figure>\n<p>De acordo com Maria Eduarda de Paula, integrante da Saturno, a proposta da pe\u00e7a foi destacar um dos valores presentes no conceito da marca Red Bull, cliente atendido pela ag\u00eancia para a cria\u00e7\u00e3o deste v\u00eddeo: a adrenalina que \u00e9 associada aos esportes radicais e que est\u00e1 presente com frequ\u00eancia no material publicit\u00e1rio da marca. O objetivo \u00e9 estimular a sensa\u00e7\u00e3o de adrenalina em quem assiste ao v\u00eddeo, atrav\u00e9s de utiliza\u00e7\u00e3o de um plano de c\u00e2mera subjetiva: <em>&#8220;A pessoa se sente mesmo dentro do v\u00eddeo, dentro do comercial.&#8221;<\/em><\/p>\n<p>As medidas de seguran\u00e7a tomadas pela equipe de produ\u00e7\u00e3o foram essenciais para permitir que o projeto, apesar das restri\u00e7\u00f5es sanit\u00e1rias, fosse produzido com imagens originais e permitisse a utiliza\u00e7\u00e3o de atores escolhidos e dirigidos pela ag\u00eancia. O resultado cumpre o objetivo proposto, a imers\u00e3o da audi\u00eancia na experi\u00eancia do esporte radical que se pretende aqui associar \u00e0 marca que assina o v\u00eddeo comercial.<\/p>\n<hr>\n<h5>A universidade e o mercado de trabalho<\/h5>\n<p>Um dos in\u00fameros desafios do ensino superior \u00e9 estabelecer pontes entre o ambiente acad\u00eamico e o mercado de trabalho. Professores que est\u00e3o inseridos no mercado, estrat\u00e9gias de simula\u00e7\u00e3o do ambiente profissional, eventos com a participa\u00e7\u00e3o de convidados externos, etc. Existem muitas formas de se buscar a aproxima\u00e7\u00e3o entre estes dois ambientes, igualmente importantes para a forma\u00e7\u00e3o do atual universit\u00e1rio e futuro profissional.<\/p>\n<p>Os dois projetos citados nesta mat\u00e9ria nasceram de uma destas iniciativas, a simula\u00e7\u00e3o de uma equipe profissional no ambiente acad\u00eamico. Cosmic e Saturno formaram ag\u00eancias experimentais que, em diferentes disciplinas do curso, atenderam \u00e0 demandas que poderiam ser do dia a dia de uma ag\u00eancia de publicidade tradicional. <em>&#8220;A ideia era trabalhar de forma pr\u00e1tica a cria\u00e7\u00e3o publicit\u00e1ria com vistas a olhar para a atua\u00e7\u00e3o profissional, j\u00e1 que essa aproxima\u00e7\u00e3o entre academia e mercado de trabalho \u00e9 o que permite a forma\u00e7\u00e3o de profissionais preparados para os desafios do mercado publicit\u00e1rio&#8221;<\/em>, relata a profa. Ana M\u00e1rcia Zago, que coordena o N\u00facleo de Comunica\u00e7\u00e3o e Design ao lado da profa. Fabiana Parpinelli e que foi respons\u00e1vel por uma das disciplinas envolvidas nestes projetos.<\/p>\n<p>Estrat\u00e9gias como estas s\u00e3o essenciais para a forma\u00e7\u00e3o do aluno, que necessita de embasamento te\u00f3rico e tamb\u00e9m de experi\u00eancia pr\u00e1tica. Contudo, a exist\u00eancia de eventos e experi\u00eancias fomentados por institui\u00e7\u00f5es da \u00e1rea, independentes das universidades, nos quais o aluno apresenta suas ideias e projetos diretamente para o mercado, \u00e9 igualmente necess\u00e1ria para uma aproxima\u00e7\u00e3o eficaz entre as institui\u00e7\u00f5es de ensino e o mercado, assim como para complementar a forma\u00e7\u00e3o acad\u00eamica. Para os alunos, estes eventos representam uma oportunidade de networking, de ver o que o mercado espera dos novos profissionais e de serem avaliados exclusivamente por profissionais que n\u00e3o est\u00e3o vinculados diretamente ao curso.<\/p>\n<figure id=\"attachment_2774\" aria-describedby=\"caption-attachment-2774\" style=\"width: 200px\" class=\"wp-caption alignright\"><img loading=\"lazy\" decoding=\"async\" class=\"wp-image-2774\" src=\"http:\/\/agendasette.com.br\/wp-content\/uploads\/2022\/06\/WhatsApp-Image-2022-05-23-at-09.43.32-e1655410849334-263x300.jpeg\" alt=\"\" width=\"200\" height=\"245\"><figcaption id=\"caption-attachment-2774\" class=\"wp-caption-text\">Prof. Eduardo Soares &#8211; Presidente da APP Ribeir\u00e3o &#8211; (Foto: arquivo pessoal)<\/figcaption><\/figure>\n<p><em>&#8220;\u00c9 uma forma deles colocarem os trabalhos realizados nas disciplinas pr\u00e1ticas do curso&#8230; colocarem isto \u00e0 prova para que profissionais do mercado, julguem, selecionem, escolham e mostrem realmente o quanto eles est\u00e3o no caminho certo. Fora isso \u00e9 uma boa forma de voc\u00ea carimbar seu passaporte para o mercado de trabalho, uma vez que voc\u00ea, entrando para um shortlist de um concurso como este, ou at\u00e9 mesmo ganhando o primeiro, o segundo ou o terceiro lugar, voc\u00ea acaba por ter isso no seu curr\u00edculo, voc\u00ea j\u00e1 leva isso para o seu curr\u00edculo e a gente sabe que o mercado de trabalho valoriza muito premia\u00e7\u00f5es porque s\u00e3o um grande term\u00f4metro do trabalho que est\u00e1 sendo realizado j\u00e1 dentro da faculdade.&#8221;<\/em> Este \u00e9 um dos objetivos do FestV\u00eddeo, conforme nos relatou o prof. Eduardo Soares, presidente da <a href=\"http:\/\/appribeirao.com.br\/\" target=\"_blank\" rel=\"noopener\">APP Ribeir\u00e3o<\/a> (Associa\u00e7\u00e3o dos Profissionais de Propaganda da regi\u00e3o de Ribeir\u00e3o Preto), institui\u00e7\u00e3o que promove o evento anualmente. O festival n\u00e3o \u00e9 voltado apenas para a participa\u00e7\u00e3o estudantil, os alunos se inscrevem em uma das categorias dispon\u00edveis do evento. As demais categorias s\u00e3o voltadas para ag\u00eancias de publicidade e profissionais do mercado, o que valoriza ainda mais a experi\u00eancia para os alunos.<\/p>\n<p>Desde 1990, o FestVideo consta dos calend\u00e1rios oficiais da cidade e do estado e atrai profissionais e estudantes de todo o Brasil. <em>\u201cO evento registrou aumento de 20% nas inscri\u00e7\u00f5es, o que tamb\u00e9m aumentou sensivelmente a competitividade e a import\u00e2ncia dessas indica\u00e7\u00f5es e premia\u00e7\u00f5es recebidas pelas nossas equipes\u201d<\/em>, comemora a professora Ana M\u00e1rcia Zago.<\/p>\n<hr>\n<h6>Assista os v\u00eddeos produzidos pelas ag\u00eancias Cosmic e Saturno, assim como \u00e0 grava\u00e7\u00e3o do FestV\u00eddeo 2022 na \u00edntegra:<\/h6>\n<p>&nbsp;<\/p>\n<h6><strong>Trof\u00e9u Ouro: Bauducco \/ Era uma vez um la\u00e7o<\/strong><\/h6>\n<p><iframe loading=\"lazy\" title=\"Era uma vez um la\u00e7o - Bauducco - Ag\u00eancia Cosmic\" width=\"800\" height=\"450\" src=\"https:\/\/www.youtube.com\/embed\/hM_ibaJUxJ8?feature=oembed\" frameborder=\"0\" allow=\"accelerometer; autoplay; clipboard-write; encrypted-media; gyroscope; picture-in-picture\" allowfullscreen><\/iframe><\/p>\n<p>&nbsp;<\/p>\n<h6>Finalista: Red Bull \/ Red Bull, d\u00e1 mais asas do que voc\u00ea possa imaginar!<\/h6>\n<p><iframe loading=\"lazy\" title=\"Red Bull, d\u00e1 mais asas que voc\u00ea possa imaginar!\" width=\"800\" height=\"450\" src=\"https:\/\/www.youtube.com\/embed\/6egm4waL4oY?feature=oembed\" frameborder=\"0\" allow=\"accelerometer; autoplay; clipboard-write; encrypted-media; gyroscope; picture-in-picture\" allowfullscreen><\/iframe><\/p>\n<p>&nbsp;<\/p>\n<h6>Assista o evento completo:<\/h6>\n<p><iframe loading=\"lazy\" title=\"PREMIA\u00c7\u00c3O FESTVIDEO 2022\" width=\"800\" height=\"450\" src=\"https:\/\/www.youtube.com\/embed\/eNtk_VKtAj8?start=7638&#038;feature=oembed\" frameborder=\"0\" allow=\"accelerometer; autoplay; clipboard-write; encrypted-media; gyroscope; picture-in-picture\" allowfullscreen><\/iframe><\/p>\n","protected":false},"excerpt":{"rendered":"<p>Participa\u00e7\u00e3o no FestV\u00eddeo 2022 teve duas indica\u00e7\u00f5es no shortlist e uma delas ficou com o primeiro lugar na categoria Universit\u00e1rio<\/p>\n","protected":false},"author":1,"featured_media":2665,"comment_status":"closed","ping_status":"closed","sticky":false,"template":"","format":"standard","meta":{"footnotes":""},"categories":[19],"tags":[],"class_list":["post-2663","post","type-post","status-publish","format-standard","has-post-thumbnail","hentry","category-agenda-cientifica"],"_links":{"self":[{"href":"https:\/\/agendasette.com.br\/index.php?rest_route=\/wp\/v2\/posts\/2663","targetHints":{"allow":["GET"]}}],"collection":[{"href":"https:\/\/agendasette.com.br\/index.php?rest_route=\/wp\/v2\/posts"}],"about":[{"href":"https:\/\/agendasette.com.br\/index.php?rest_route=\/wp\/v2\/types\/post"}],"author":[{"embeddable":true,"href":"https:\/\/agendasette.com.br\/index.php?rest_route=\/wp\/v2\/users\/1"}],"replies":[{"embeddable":true,"href":"https:\/\/agendasette.com.br\/index.php?rest_route=%2Fwp%2Fv2%2Fcomments&post=2663"}],"version-history":[{"count":123,"href":"https:\/\/agendasette.com.br\/index.php?rest_route=\/wp\/v2\/posts\/2663\/revisions"}],"predecessor-version":[{"id":2836,"href":"https:\/\/agendasette.com.br\/index.php?rest_route=\/wp\/v2\/posts\/2663\/revisions\/2836"}],"wp:featuredmedia":[{"embeddable":true,"href":"https:\/\/agendasette.com.br\/index.php?rest_route=\/wp\/v2\/media\/2665"}],"wp:attachment":[{"href":"https:\/\/agendasette.com.br\/index.php?rest_route=%2Fwp%2Fv2%2Fmedia&parent=2663"}],"wp:term":[{"taxonomy":"category","embeddable":true,"href":"https:\/\/agendasette.com.br\/index.php?rest_route=%2Fwp%2Fv2%2Fcategories&post=2663"},{"taxonomy":"post_tag","embeddable":true,"href":"https:\/\/agendasette.com.br\/index.php?rest_route=%2Fwp%2Fv2%2Ftags&post=2663"}],"curies":[{"name":"wp","href":"https:\/\/api.w.org\/{rel}","templated":true}]}}