{"id":2569,"date":"2021-12-02T12:23:23","date_gmt":"2021-12-02T12:23:23","guid":{"rendered":"https:\/\/agendasette.com.br\/?p=2569"},"modified":"2021-12-07T13:56:14","modified_gmt":"2021-12-07T13:56:14","slug":"duas-vezes-na-final","status":"publish","type":"post","link":"https:\/\/agendasette.com.br\/?p=2569","title":{"rendered":"Duas vezes na final"},"content":{"rendered":"<p><em>Trabalhos de estudantes de Jornalismo da Unifran est\u00e3o classificados para o Pr\u00eamio Abag-RP &#8220;Jos\u00e9 Hamilton Ribeiro&#8221;<\/em><!--more--><\/p>\n<p><strong>Da reda\u00e7\u00e3o<\/strong><\/p>\n<p><strong>Foto acima: Aline, Gabriel e Fernando tiveram rea\u00e7\u00f5es de emo\u00e7\u00e3o, surpresa e motiva\u00e7\u00e3o ao receberem a not\u00edcia de que est\u00e3o na final (Acervos pessoais)<\/strong><\/p>\n<p>Duas reportagens desenvolvidas no curso de Jornalismo da Universidade de Franca (Unifran) est\u00e3o na final do Pr\u00eamio Abag-RP \u201cJos\u00e9 Hamilton Ribeiro\u201d, promovido pela Associa\u00e7\u00e3o Brasileira do Agroneg\u00f3cio, Regional de Ribeir\u00e3o Preto. A classifica\u00e7\u00e3o foi anunciada nesta quarta-feira (1\u00ba\/12). Os campe\u00f5es ser\u00e3o conhecidos na pr\u00f3xima segunda-feira (06\/12), em cerim\u00f4nia online. O primeiro colocado levar\u00e1 para casa um vale-compra de R$ 3.500; o segundo recebe R$ 2.500 e o terceiro, R$ 2 mil.<\/p>\n<p>Ambas as mat\u00e9rias concorrem na categoria Jovem Talento, voltada a estudantes universit\u00e1rios, modalidade Escrita. Aline Arbache e Gabriel Garcia, do segundo ano do curso, participam com \u201c<a href=\"https:\/\/agendasette.com.br\/2021\/11\/07\/limpeza-na-lavoura\/\">Limpeza na lavoura<\/a>\u201d, sobre um trabalho da professora Alessandra Marieli Vacari, da Unifran, que conduz um projeto de pesquisa em Entomologia Aplicada para avaliar o uso de insetos crisop\u00eddeos, conhecidos popularmente como bichos-lixeiros, no combate a pragas nos cafezais.<\/p>\n<p>J\u00e1 Fernando Joaquim, que \u00e9 publicit\u00e1rio e est\u00e1 no terceiro ano de Jornalismo, inscreveu \u201c<a href=\"https:\/\/agendasette.com.br\/2021\/11\/09\/beneficios-da-propolis\/\">Benef\u00edcios da pr\u00f3polis<\/a>\u201d, sobre outra pesquisa da Unifran, desta vez em parceria com a Universidade de S\u00e3o Paulo (USP), que busca disponibilizar um gel a partir da pr\u00f3polis para aliviar os efeitos da mucosite em pacientes com c\u00e2ncer de cabe\u00e7a e pesco\u00e7o, um dos efeitos do tratamento com quimio e radioterapia.<\/p>\n<p>Os trabalhos foram orientados pelos professores Aline Azevedo e Igor Savenhago, dentro de um projeto interdisciplinar oferecido no primeiro semestre deste ano, o <a href=\"https:\/\/agendasette.com.br\/category\/agenda-cientifica\/\">Agenda Cient\u00edfica<\/a>. A professora Aline explica que a ideia surgiu com o objetivo de criar uma ponte entre a universidade e a sociedade, comunicando resultados de pesquisas e processos realizados nos laborat\u00f3rios e grupos de pesquisa da Unifran. \u201cPara isso, envolveu alunos, docentes e pesquisadores de todas as \u00e1reas, que colaboraram ativamente. Ent\u00e3o, s\u00f3 posso agradecer o apoio de todos neste trabalho, e parabenizar os alunos pelo excelente resultado.\u201d<\/p>\n<p>Desde 2015, \u00e9 o terceiro ano em que o curso de Jornalismo da universidade coloca estudantes na final deste pr\u00eamio, sendo o segundo consecutivo. No ano passado, <a href=\"https:\/\/agendasette.com.br\/2020\/12\/05\/duas-conquistas\/\">Ana Laura Siqueira e Helo\u00edsa Taveira<\/a>, que estavam no \u00faltimo ano, conquistaram, respectivamente, o terceiro lugar na modalidade \u00e1udio\/v\u00eddeo, com a reportagem \u201c<a href=\"https:\/\/agendasette.com.br\/2020\/11\/10\/ingredientes-regionais-2\/\">Ingredientes regionais<\/a>\u201d, e o segundo na modalidade Escrita, com \u201c<a href=\"https:\/\/agendasette.com.br\/2020\/05\/31\/aliada-da-saude\/\">Aliada da sa\u00fade<\/a>\u201d.<\/p>\n<p>A mesma Ana Laura se classificou agora em 2021 para a final da categoria Profissional,\u00a0 modalidade Revista Impressa, com a reportagem &#8220;Livre de g\u00e1s&#8221;, publicada na Revista Terra&amp;Cia, de Ribeir\u00e3o Preto-SP, que mostra um trabalho para a produ\u00e7\u00e3o de um leite sustent\u00e1vel. Ela vai concorrer com jornalistas das revistas A Granja e Globo Rural.<\/p>\n<figure id=\"attachment_1922\" aria-describedby=\"caption-attachment-1922\" style=\"width: 1000px\" class=\"wp-caption aligncenter\"><img loading=\"lazy\" decoding=\"async\" class=\"size-full wp-image-1922\" src=\"http:\/\/agendasette.com.br\/wp-content\/uploads\/2020\/12\/WhatsApp-Image-2020-12-05-at-10.27.03.jpeg\" alt=\"\" width=\"1000\" height=\"722\" srcset=\"https:\/\/agendasette.com.br\/wp-content\/uploads\/2020\/12\/WhatsApp-Image-2020-12-05-at-10.27.03.jpeg 1000w, https:\/\/agendasette.com.br\/wp-content\/uploads\/2020\/12\/WhatsApp-Image-2020-12-05-at-10.27.03-300x217.jpeg 300w, https:\/\/agendasette.com.br\/wp-content\/uploads\/2020\/12\/WhatsApp-Image-2020-12-05-at-10.27.03-768x554.jpeg 768w\" sizes=\"auto, (max-width: 1000px) 100vw, 1000px\" \/><figcaption id=\"caption-attachment-1922\" class=\"wp-caption-text\">Helo\u00edsa e Ana Laura foram premiadas pelo Abag-RP no ano passado (Fotos: Acervos pessoais)<\/figcaption><\/figure>\n<p><strong>Sensa\u00e7\u00f5es<\/strong><\/p>\n<p>A estudante Aline Arbache recebeu a informa\u00e7\u00e3o sobre a classifica\u00e7\u00e3o para a final quando estava no trabalho. \u201c\u00c9 de acelerar o cora\u00e7\u00e3o. Eu sei porque o meu cora\u00e7\u00e3o acelerou muito. N\u00e3o dava para sair gritando na frente de todo mundo, mas com certeza \u00e9 uma vit\u00f3ria e, principalmente, um reconhecimento muito grande, pelo fato de sermos estudantes. Com certeza, est\u00e1 tudo valendo a pena, principalmente porque agora a gente tem um <em>spoiler<\/em> do que vir\u00e1 a ser a nossa vida profissional.\u201d<\/p>\n<p>J\u00e1 Gabriel afirma que estar na final \u00e9 gratificante, e que o processo de produ\u00e7\u00e3o da reportagem misturou seriedade com divers\u00e3o. \u201c\u00c9 muito interessante saber sobre o campo, sobre como as pessoas cuidam das lavouras. E uma surpresa grande saber que chegamos at\u00e9 aqui, na final. Agora, a gente espera vencer.\u201d<\/p>\n<p>Fernando tem um sentimento parecido. \u201cQue a gente possa comemorar na pr\u00f3xima segunda-feira\u201d. Ele acredita que o mais importante, no entanto, \u00e9 levar informa\u00e7\u00e3o sobre ci\u00eancia, principalmente no momento que o pa\u00eds atravessa. \u201cTer uma mat\u00e9ria finalista no Pr\u00eamio Abag \u00e9 muito importante. \u00c9 uma forma de me motivar a querer fazer mais. Pegar uma de nossas riquezas naturais, que tem propriedades medicinais, e expor isso de forma ampla \u00e9 extremamente relevante.\u201d<\/p>\n<p>A coordenadora do curso de Jornalismo da Unifran, Fabiana Parpinelli Fernandes, parabeniza os alunos e professores. \u201cEstamos honrados com a indica\u00e7\u00e3o de dois trabalhos ao Pr\u00eamio ABAG-RP de Jornalismo. Ela representa o reconhecimento da compet\u00eancia e compromisso da comunidade acad\u00eamica com a educa\u00e7\u00e3o de qualidade.\u201d<\/p>\n<p><strong>Jos\u00e9 Hamilton<\/strong><\/p>\n<p>O jornalista que d\u00e1 nome ao pr\u00eamio da Abag-RP \u00e9 considerado o rep\u00f3rter brasileiro do s\u00e9culo XX. Ganhou sete pr\u00eamios Esso, um dos principais da imprensa nacional, feito que nenhum outro conseguiu.<\/p>\n<p>Nascido em Santa Rosa de Viterbo-SP, em 29 de agosto de 1935, ele era rep\u00f3rter especial do Globo Rural at\u00e9 o \u00faltimo m\u00eas de novembro, quando se desligou da Globo ap\u00f3s mais de 40 anos na emissora. Teve, tamb\u00e9m, passagens pelo jornal Folha de S. Paulo e pelas revistas Quatro Rodas e Realidade \u2013 esta na qual viveu uma de suas passagens mais marcantes, na cobertura da Guerra do Vietn\u00e3, em 1968, quando pisou numa mina e perdeu a perna esquerda.<\/p>\n<p>Ele relatou o epis\u00f3dio para a revista, reportagem com a qual venceu um dos pr\u00eamios Esso. Esta e as outras seis premiadas est\u00e3o no livro \u201cO rep\u00f3rter do s\u00e9culo\u201d.<\/p>\n<figure id=\"attachment_2572\" aria-describedby=\"caption-attachment-2572\" style=\"width: 2048px\" class=\"wp-caption aligncenter\"><img loading=\"lazy\" decoding=\"async\" class=\"size-full wp-image-2572\" src=\"http:\/\/agendasette.com.br\/wp-content\/uploads\/2021\/12\/jos\u00e9-hamilton.jpg\" alt=\"\" width=\"2048\" height=\"1375\" srcset=\"https:\/\/agendasette.com.br\/wp-content\/uploads\/2021\/12\/jos\u00e9-hamilton.jpg 2048w, https:\/\/agendasette.com.br\/wp-content\/uploads\/2021\/12\/jos\u00e9-hamilton-300x201.jpg 300w, https:\/\/agendasette.com.br\/wp-content\/uploads\/2021\/12\/jos\u00e9-hamilton-768x516.jpg 768w, https:\/\/agendasette.com.br\/wp-content\/uploads\/2021\/12\/jos\u00e9-hamilton-1024x688.jpg 1024w\" sizes=\"auto, (max-width: 2048px) 100vw, 2048px\" \/><figcaption id=\"caption-attachment-2572\" class=\"wp-caption-text\">Jos\u00e9 Hamilton Ribeiro trabalhou por mais de 40 na Globo (Foto: Mem\u00f3ria Globo)<\/figcaption><\/figure>\n","protected":false},"excerpt":{"rendered":"<p>Trabalhos de estudantes de Jornalismo da Unifran est\u00e3o classificados para o Pr\u00eamio Abag-RP &#8220;Jos\u00e9 Hamilton Ribeiro&#8221;<\/p>\n","protected":false},"author":1,"featured_media":2595,"comment_status":"closed","ping_status":"closed","sticky":false,"template":"","format":"standard","meta":{"footnotes":""},"categories":[19],"tags":[],"class_list":["post-2569","post","type-post","status-publish","format-standard","has-post-thumbnail","hentry","category-agenda-cientifica"],"_links":{"self":[{"href":"https:\/\/agendasette.com.br\/index.php?rest_route=\/wp\/v2\/posts\/2569","targetHints":{"allow":["GET"]}}],"collection":[{"href":"https:\/\/agendasette.com.br\/index.php?rest_route=\/wp\/v2\/posts"}],"about":[{"href":"https:\/\/agendasette.com.br\/index.php?rest_route=\/wp\/v2\/types\/post"}],"author":[{"embeddable":true,"href":"https:\/\/agendasette.com.br\/index.php?rest_route=\/wp\/v2\/users\/1"}],"replies":[{"embeddable":true,"href":"https:\/\/agendasette.com.br\/index.php?rest_route=%2Fwp%2Fv2%2Fcomments&post=2569"}],"version-history":[{"count":9,"href":"https:\/\/agendasette.com.br\/index.php?rest_route=\/wp\/v2\/posts\/2569\/revisions"}],"predecessor-version":[{"id":2581,"href":"https:\/\/agendasette.com.br\/index.php?rest_route=\/wp\/v2\/posts\/2569\/revisions\/2581"}],"wp:featuredmedia":[{"embeddable":true,"href":"https:\/\/agendasette.com.br\/index.php?rest_route=\/wp\/v2\/media\/2595"}],"wp:attachment":[{"href":"https:\/\/agendasette.com.br\/index.php?rest_route=%2Fwp%2Fv2%2Fmedia&parent=2569"}],"wp:term":[{"taxonomy":"category","embeddable":true,"href":"https:\/\/agendasette.com.br\/index.php?rest_route=%2Fwp%2Fv2%2Fcategories&post=2569"},{"taxonomy":"post_tag","embeddable":true,"href":"https:\/\/agendasette.com.br\/index.php?rest_route=%2Fwp%2Fv2%2Ftags&post=2569"}],"curies":[{"name":"wp","href":"https:\/\/api.w.org\/{rel}","templated":true}]}}